[{"@context":"https:\/\/schema.org\/","@type":"Article","@id":"https:\/\/www.spusa.cz\/pokozka-behem-zimy-potrebuje-zvlastni-peci-vite-co-vsechno-to-obnasi\/#Article","mainEntityOfPage":"https:\/\/www.spusa.cz\/pokozka-behem-zimy-potrebuje-zvlastni-peci-vite-co-vsechno-to-obnasi\/","headline":"Poko\u017eka b\u011bhem zimy pot\u0159ebuje zvl\u00e1\u0161tn\u00ed p\u00e9\u010di &#8211; V\u00edte, co v\u0161echno to obn\u00e1\u0161\u00ed?","name":"Poko\u017eka b\u011bhem zimy pot\u0159ebuje zvl\u00e1\u0161tn\u00ed p\u00e9\u010di &#8211; V\u00edte, co v\u0161echno to obn\u00e1\u0161\u00ed?","description":"Chladn\u00e9 po\u010das\u00ed, v\u00edtr, ale i sn\u00edh a zejm\u00e9na mr\u00e1z, to v\u0161echno ohro\u017euje na\u0161i poko\u017eku v zim\u011b. Um\u00edte se o ple\u0165 spr\u00e1vn\u011b starat? Vyhn\u011bte se probl\u00e9m\u016fm.\u00a0 Poko\u017eka b\u011bhem zimy pot\u0159ebuje zvl\u00e1\u0161tn\u00ed p\u00e9\u010di \u2013 V\u00edte, co v\u0161echno to obn\u00e1\u0161\u00ed?\u00a0 V\u0161ichni m\u00e1me tak n\u011bjak zafixovan\u00e9, \u017ee je t\u0159eba se o poko\u017eku starat velmi pe\u010dliv\u011b zejm\u00e9na v l\u00e9t\u011b. V [&hellip;]","datePublished":"2024-10-23","dateModified":"2024-10-23","author":{"@type":"Person","@id":"https:\/\/www.spusa.cz\/author\/#Person","name":"","url":"https:\/\/www.spusa.cz\/author\/","identifier":1,"image":{"@type":"ImageObject","@id":"https:\/\/secure.gravatar.com\/avatar\/4a71ad3e3da672fdab00dac6e0f7e744f8cb217202b101d0ffab0cf07645e95c?s=96&d=mm&r=g","url":"https:\/\/secure.gravatar.com\/avatar\/4a71ad3e3da672fdab00dac6e0f7e744f8cb217202b101d0ffab0cf07645e95c?s=96&d=mm&r=g","height":96,"width":96}},"publisher":{"@type":"Organization","name":"spusa.cz","logo":{"@type":"ImageObject","@id":"\/logo.png","url":"\/logo.png","width":600,"height":60}},"image":{"@type":"ImageObject","@id":"https:\/\/www.spusa.cz\/wp-content\/uploads\/winter-7506621_640.jpg","url":"https:\/\/www.spusa.cz\/wp-content\/uploads\/winter-7506621_640.jpg","height":0,"width":0},"url":"https:\/\/www.spusa.cz\/pokozka-behem-zimy-potrebuje-zvlastni-peci-vite-co-vsechno-to-obnasi\/","about":["Kr\u00e1sa"],"wordCount":586,"articleBody":"Chladn\u00e9 po\u010das\u00ed, v\u00edtr, ale i sn\u00edh a zejm\u00e9na mr\u00e1z, to v\u0161echno ohro\u017euje na\u0161i poko\u017eku v zim\u011b. Um\u00edte se o ple\u0165 spr\u00e1vn\u011b starat? Vyhn\u011bte se probl\u00e9m\u016fm.\u00a0Poko\u017eka b\u011bhem zimy pot\u0159ebuje zvl\u00e1\u0161tn\u00ed p\u00e9\u010di \u2013 V\u00edte, co v\u0161echno to obn\u00e1\u0161\u00ed?\u00a0V\u0161ichni m\u00e1me tak n\u011bjak zafixovan\u00e9, \u017ee je t\u0159eba se o poko\u017eku starat velmi pe\u010dliv\u011b zejm\u00e9na v l\u00e9t\u011b. V tomto obdob\u00ed n\u00e1s toti\u017e ohro\u017euje slun\u00ed\u010dko, kter\u00e9mu se nelze vyhnout. Jen\u017ee slunce sv\u00edt\u00ed i v zim\u011b, nav\u00edc je venku mr\u00e1z a fouk\u00e1 v\u00edtr. To v\u0161echno se na kvalit\u011b poko\u017eky odr\u00e1\u017e\u00ed. Nej\u010dast\u011bji v zim\u011b \u0159e\u0161\u00edme popraskan\u00e9 rty a tak\u00e9 popraskanou k\u016f\u017ei na rukou. I va\u0161e ple\u0165 ale trp\u00ed. I kdy\u017e si d\u00e1te r\u00e1no vrstvu make-upu je ple\u0165 ohro\u017een\u00e1. Tak\u017ee jak se o ni co nejl\u00e9pe postarat, aby nestr\u00e1dala? I vy se do zimy obl\u00e9k\u00e1te a chr\u00e1n\u00edte se. Chra\u0148te i svou poko\u017eku.\u00a0Jak\u00e9 kr\u00e9my pou\u017e\u00edvat?\u00a0Ple\u0165 v zim\u011b vy\u017eaduje hydrataci, pr\u00e1v\u011b v zim\u011b je \u010das pou\u017e\u00edvat nejr\u016fzn\u011bj\u0161\u00ed hydrata\u010dn\u00ed kr\u00e9my a p\u0159\u00edpravky. Je jasn\u00e9, \u017ee kr\u00e9m na obli\u010dej by m\u011bl b\u00fdt hutn\u011bj\u0161\u00ed ne\u017e kr\u00e9m, kter\u00fd b\u011b\u017en\u011b pou\u017e\u00edv\u00e1te t\u0159eba v zimn\u00edm obdob\u00ed. T\u00edm z\u00edsk\u00e1te ochranu. Je\u0161t\u011b, ne\u017e se r\u00e1no nal\u00ed\u010d\u00edte, ple\u0165 d\u016fkladn\u011b vy\u010dist\u011bte a pak naneste hydrata\u010dn\u00ed kr\u00e9m. Ten nechte p\u00e1r minut vs\u00e1knout a m\u016f\u017eete se nal\u00ed\u010dit, jak jste zvykl\u00e1. Mu\u017ei to maj\u00ed jednodu\u0161\u0161\u00ed. T\u011bm posta\u010d\u00ed jen nat\u0159\u00edt obli\u010dej kr\u00e9mem. Pokud ale vyr\u00e1\u017e\u00edte na hory, dbejte na to, aby v\u00e1\u0161 hydrata\u010dn\u00ed kr\u00e9m obsahovat i ochranu proti slun\u00ed\u010dku. Tv\u00e1\u0159 si na hor\u00e1ch, kde je hodn\u011b sn\u011bhu, m\u016f\u017eete nat\u0159\u00edt i opalovac\u00edm kr\u00e9mem. Pr\u00e1v\u011b od vrstvy sn\u011bhu se slun\u00ed\u010dko odr\u00e1\u017e\u00ed a samoz\u0159ejm\u011b v\u00e1m do obli\u010deje. Tak\u017ee ani na tuhle ochranu nezapom\u00ednejte.\u00a0Rty i ruce tak\u00e9 trp\u00ed\u00a0Kvalitn\u00ed hydrata\u010dn\u00ed kr\u00e9m ale nen\u00ed to jedin\u00e9, co byste b\u011bhem zimy m\u011bli pou\u017e\u00edvat. K\u016f\u017ee na rtech je neuv\u011b\u0159iteln\u011b tenk\u00e1 a citliv\u00e1. Zm\u011bna po\u010das\u00ed, mr\u00e1z a v\u00edtr jim d\u00e1vaj\u00ed hodn\u011b zabrat. Rty tak v zim\u011b m\u00e1me v\u011bt\u0161inou popraskan\u00e9, co\u017e nep\u016fsob\u00ed moc hezky a samoz\u0159ejm\u011b je to i velmi nep\u0159\u00edjemn\u00e9. Rty si v\u017edy chra\u0148te pom\u00e1dou na rty. Ta by m\u011bla obsahovat vitam\u00edny a tak\u00e9 hydrata\u010dn\u00ed l\u00e1tky. Na trhu se objevuj\u00ed i speci\u00e1ln\u00ed pom\u00e1dy na rty, kter\u00e9 jsou ur\u010den\u00e9 pro ochranu rt\u016f v zim\u011b. A hlavn\u011b, tuhle pom\u00e1du v zim\u011b neodkl\u00e1dejte a rty nat\u00edrejte i n\u011bkolikr\u00e1t denn\u011b.\u00a0A v neposledn\u00ed \u0159ad\u011b se zam\u011b\u0159te na ruce. Noste rukavice, pokud je u\u017e zapomenete doma, ruce o\u0161et\u0159ete kr\u00e9mem na ruce. Op\u011bt je t\u0159eba v zim\u011b s\u00e1hnout po takov\u00e9m kr\u00e9mu, kter\u00fd m\u00e1 ochrannou vrstvu a hydratuje. Tak\u017ee jemn\u00e9 a nemastn\u00e9 kr\u00e9my s lehk\u00fdm slo\u017een\u00edm si nechte zase a\u017e na l\u00e9to. V zim\u011b ruce, stejn\u011b jako rty, snadno popraskaj\u00ed. A to m\u016f\u017ee i bolet.\u00a0                                                                                                                                                                                                                                                                                                                                                                                        4.1\/5 - (8 votes)        "},{"@context":"https:\/\/schema.org\/","@type":"BreadcrumbList","itemListElement":[{"@type":"ListItem","position":1,"name":"Poko\u017eka b\u011bhem zimy pot\u0159ebuje zvl\u00e1\u0161tn\u00ed p\u00e9\u010di &#8211; V\u00edte, co v\u0161echno to obn\u00e1\u0161\u00ed?","item":"https:\/\/www.spusa.cz\/pokozka-behem-zimy-potrebuje-zvlastni-peci-vite-co-vsechno-to-obnasi\/#breadcrumbitem"}]}]